{"id":2761,"date":"2026-03-27T11:32:46","date_gmt":"2026-03-27T10:32:46","guid":{"rendered":"https:\/\/monumental-valois.com\/en-el-mundo\/una-preciosa-cadena-de-aislantes-electricos-de-stephane-thidet-se-despliega-en-el-cielo-de-vitry-sur-seine\/"},"modified":"2026-04-07T11:47:13","modified_gmt":"2026-04-07T09:47:13","slug":"una-preciosa-cadena-de-aislantes-electricos-de-stephane-thidet-se-despliega-en-el-cielo-de-vitry-sur-seine","status":"publish","type":"post","link":"https:\/\/monumental-valois.com\/es\/en-francia\/una-preciosa-cadena-de-aislantes-electricos-de-stephane-thidet-se-despliega-en-el-cielo-de-vitry-sur-seine\/","title":{"rendered":"Una preciosa cadena de aislantes el\u00e9ctricos de St\u00e9phane Thidet se despliega en el cielo de Vitry-sur-Seine"},"content":{"rendered":"\n<p><\/p>\n\n<h2 class=\"wp-block-heading\"><\/h2>\n\n<p><\/p>\n\n<h2 class=\"wp-block-heading\"><\/h2>\n\n<p class=\"is-style-sur-titre-artiste\"><\/p>\n\n<p>Recientemente apareci\u00f3 en el cielo de Vitry-sur-Seine \u00abLe bout du bout\u00bb (\u00abEl final del final\u00bb), de St\u00e9phane Thidet, en el extremo sur del centro de operaciones de la l\u00ednea 15 en Vitry-sur-Seine.  <\/p>\n\n<p>El Gran Expreso de Par\u00eds es el mayor proyecto de construcci\u00f3n <sup>del<\/sup> siglo XXI, actualmente a cargo de la Soci\u00e9t\u00e9 des Grands Projets. Dentro de la Soci\u00e9t\u00e9 des Grands Projets, un equipo se encarga del programa art\u00edstico. Arquitectos y artistas de renombre internacional trabajan conjuntamente para transformar las estaciones de metro en lugares de arte monumental.  <\/p>\n\n<p>Sin embargo, la Soci\u00e9t\u00e9 des Grands Projets no s\u00f3lo se preocupa de transformar el interior de las estaciones. Cree que el entorno tambi\u00e9n merece su propia mejora. <\/p>\n\n<h2 class=\"wp-block-heading\">La obra de St\u00e9phane Thidet<\/h2>\n\n<p>El agua, la tierra, el hielo y la luz son los materiales preferidos de St\u00e9phane Thidet. En este caso, son aislantes el\u00e9ctricos, piezas puramente industriales, que ha convertido en una preciosa obra de arte. <\/p>\n\n<p>\u00abLe bout du bout\u00bb consta de dos m\u00e1stiles, de 29 y 39 metros de altura, que sostienen una inmensa cadena de 1.500 aisladores el\u00e9ctricos de vidrio. Estos aisladores, ensartados en cables como si fueran un collar, forman una obra de una delicadeza infinita. <\/p>\n\n<p>En un entorno totalmente urbano, esta joya de cristal brilla a la luz del d\u00eda y resplandece por la noche. La obra es visible desde las carreteras principales y desde las ventanillas del RER. En Vitry sur Seine, el sector industrial y el arte contempor\u00e1neo se combinan con notable elegancia.  <\/p>\n\n<p><em>Fotos: St\u00e9phane Thidet \/ Soci\u00e9t\u00e9 des Grands Projets<\/em><\/p>\n\n<p><\/p>\n\n<figure class=\"wp-block-gallery aligncenter has-nested-images columns-default is-cropped wp-block-gallery-1 is-layout-flex wp-block-gallery-is-layout-flex\">\n<figure class=\"wp-block-image size-full\"><img loading=\"lazy\" decoding=\"async\" width=\"796\" height=\"531\" data-id=\"2729\" src=\"https:\/\/monumental-valois.com\/wp-content\/uploads\/2026\/03\/le-bout-du-bout-1.webp\" alt=\"\" class=\"wp-image-2729\" srcset=\"https:\/\/monumental-valois.com\/wp-content\/uploads\/2026\/03\/le-bout-du-bout-1.webp 796w, https:\/\/monumental-valois.com\/wp-content\/uploads\/2026\/03\/le-bout-du-bout-1-600x400.webp 600w, https:\/\/monumental-valois.com\/wp-content\/uploads\/2026\/03\/le-bout-du-bout-1-768x512.webp 768w, https:\/\/monumental-valois.com\/wp-content\/uploads\/2026\/03\/le-bout-du-bout-1-450x300.webp 450w\" sizes=\"auto, (max-width: 796px) 100vw, 796px\" \/><\/figure>\n<\/figure>\n\n<p><\/p>\n","protected":false},"excerpt":{"rendered":"<p>Recientemente apareci\u00f3 en el cielo de Vitry-sur-Seine \u00abLe bout du bout\u00bb (\u00abEl final del final\u00bb), de St\u00e9phane Thidet, en el extremo sur del centro de operaciones de la l\u00ednea 15 en Vitry-sur-Seine.  <\/p>\n","protected":false},"author":4,"featured_media":2760,"comment_status":"closed","ping_status":"closed","sticky":false,"template":"","format":"standard","meta":{"footnotes":""},"categories":[40],"tags":[],"class_list":["post-2761","post","type-post","status-publish","format-standard","has-post-thumbnail","hentry","category-en-francia"],"_links":{"self":[{"href":"https:\/\/monumental-valois.com\/es\/wp-json\/wp\/v2\/posts\/2761","targetHints":{"allow":["GET"]}}],"collection":[{"href":"https:\/\/monumental-valois.com\/es\/wp-json\/wp\/v2\/posts"}],"about":[{"href":"https:\/\/monumental-valois.com\/es\/wp-json\/wp\/v2\/types\/post"}],"author":[{"embeddable":true,"href":"https:\/\/monumental-valois.com\/es\/wp-json\/wp\/v2\/users\/4"}],"replies":[{"embeddable":true,"href":"https:\/\/monumental-valois.com\/es\/wp-json\/wp\/v2\/comments?post=2761"}],"version-history":[{"count":1,"href":"https:\/\/monumental-valois.com\/es\/wp-json\/wp\/v2\/posts\/2761\/revisions"}],"predecessor-version":[{"id":2762,"href":"https:\/\/monumental-valois.com\/es\/wp-json\/wp\/v2\/posts\/2761\/revisions\/2762"}],"wp:featuredmedia":[{"embeddable":true,"href":"https:\/\/monumental-valois.com\/es\/wp-json\/wp\/v2\/media\/2760"}],"wp:attachment":[{"href":"https:\/\/monumental-valois.com\/es\/wp-json\/wp\/v2\/media?parent=2761"}],"wp:term":[{"taxonomy":"category","embeddable":true,"href":"https:\/\/monumental-valois.com\/es\/wp-json\/wp\/v2\/categories?post=2761"},{"taxonomy":"post_tag","embeddable":true,"href":"https:\/\/monumental-valois.com\/es\/wp-json\/wp\/v2\/tags?post=2761"}],"curies":[{"name":"wp","href":"https:\/\/api.w.org\/{rel}","templated":true}]}}