{"id":2866,"date":"2026-04-01T17:24:49","date_gmt":"2026-04-01T15:24:49","guid":{"rendered":"https:\/\/monumental-valois.com\/en-el-mundo\/james-turrell-un-crater-roden-land-art-en-estado-puro\/"},"modified":"2026-04-13T10:29:46","modified_gmt":"2026-04-13T08:29:46","slug":"james-turrell-un-crater-roden-land-art-en-estado-puro","status":"publish","type":"post","link":"https:\/\/monumental-valois.com\/es\/en-el-mundo\/james-turrell-un-crater-roden-land-art-en-estado-puro\/","title":{"rendered":"James Turrell &#8211; Un cr\u00e1ter Roden, land art en estado puro"},"content":{"rendered":"\n<p><\/p>\n\n<h2 class=\"wp-block-heading\"><\/h2>\n\n<p><\/p>\n\n<h2 class=\"wp-block-heading\"><\/h2>\n\n<p class=\"is-style-sur-titre-artiste\"><\/p>\n\n<p><\/p>\n\n<blockquote class=\"wp-block-quote is-layout-flow wp-block-quote-is-layout-flow\">\n<p>\u00abLo que me interesa es relacionar las cosas que vemos con las que vemos con los ojos cerrados.<\/p>\n<\/blockquote>\n\n<p>Piloto de avi\u00f3n a los 16 a\u00f1os, James Turrell fue encarcelado a los 23, y desde muy joven sinti\u00f3 fascinaci\u00f3n por los efectos de la presencia o ausencia de luz. Esta fascinaci\u00f3n se vio reforzada por sus estudios de matem\u00e1ticas, geolog\u00eda, astronom\u00eda y psicolog\u00eda de la percepci\u00f3n. La luz, tanto natural como artificial, y el espacio son los modos de expresi\u00f3n de James Turrell.  <\/p>\n\n<p>En la d\u00e9cada de 1970, cre\u00f3 80 skypaces, habitaciones aerodin\u00e1micas de un solo color con una abertura en el techo. Sentados o tumbados, los espectadores pueden observar el cielo como si fuera un cuadro, que cambia con el d\u00eda y la noche. Se sacude la orientaci\u00f3n del espectador, que disfruta de una experiencia \u00edntima y meditativa.  <\/p>\n\n<h2 class=\"wp-block-heading\">Cr\u00e1ter Roden, el trabajo de toda una vida<\/h2>\n\n<p>En 1977, con la ayuda de la Fundaci\u00f3n de Arte del DIA, adquiri\u00f3 el cr\u00e1ter Roden, un cr\u00e1ter volc\u00e1nico del norte de Arizona extinguido desde hac\u00eda 400.000 a\u00f1os. Inspir\u00e1ndose en la ciencia de los albores de los tiempos, en particular en el templo alineado con el sol de Abu Simbel y en el Jantar Mantar de Jaipur, lo modific\u00f3 y lo convirti\u00f3 en un gigantesco observatorio astron\u00f3mico. El cr\u00e1ter se transform\u00f3 gracias a grandes movimientos de tierra destinados a obtener un perfil topogr\u00e1fico preciso. El horizonte, elevado artificialmente, se organiz\u00f3 de modo que pudiera apreciarse plenamente la experiencia sensorial de la b\u00f3veda celeste.   <\/p>\n\n<p>Compuesta por 24 c\u00e1psulas y 6 t\u00faneles dise\u00f1ados para ofrecer una experiencia espec\u00edfica de inmersi\u00f3n visual o sensorial, la obra terminada se desvelar\u00e1 muy pronto. Las especificidades de la luz, los fen\u00f3menos celestes y temporales, el solsticio de invierno, el solsticio de verano, todo se sentir\u00e1 a simple vista. <\/p>\n\n<h2 class=\"wp-block-heading\"><strong>Ojo del cr\u00e1ter<\/strong><\/h2>\n\n<p>Se han construido cuatro grandes z\u00f3calos rectangulares en el ojo del cr\u00e1ter. Aqu\u00ed puedes recostarte y contemplar el cielo. Cuando cae la noche, se difunde una luz artificial que proporciona un contraste absoluto con la oscuridad circundante. Este juego de luces transforma la percepci\u00f3n de los colores y las dimensiones, a\u00f1adiendo una profundidad \u00fanica a la experiencia.   <\/p>\n\n<p>James Turrell lo explica:  <\/p>\n\n<blockquote class=\"wp-block-quote is-layout-flow wp-block-quote-is-layout-flow\">\n<p>\u00bb  <em>Mi obra no tiene objeto, ni imagen, ni enfoque, as\u00ed que \u00bfqu\u00e9 estamos mirando? Nos observamos a nosotros mismos observando. Lo importante para m\u00ed es crear una experiencia de pensamiento sin palabras\u00bb.  <\/em><\/p>\n<\/blockquote>\n\n<div class=\"wp-block-buttons is-layout-flex wp-block-buttons-is-layout-flex\">\n<div class=\"wp-block-button\"><a class=\"wp-block-button__link wp-element-button\" href=\"https:\/\/rodencrater.com\/about\/\" target=\"_blank\" rel=\"noopener\">M\u00e1s informaci\u00f3n sobre LE RODEN CRATER<\/a><\/div>\n<\/div>\n\n<p><\/p>\n\n<p><em>Fotos: Florian Holzherr<\/em><\/p>\n\n<p><\/p>\n\n<figure class=\"wp-block-gallery aligncenter has-nested-images columns-default is-cropped wp-block-gallery-1 is-layout-flex wp-block-gallery-is-layout-flex\"><\/figure>\n\n<p><\/p>\n","protected":false},"excerpt":{"rendered":"<p>Piloto de avi\u00f3n a los 16 a\u00f1os, James Turrell fue encarcelado a los 23, y desde muy joven sinti\u00f3 fascinaci\u00f3n por los efectos de la presencia o ausencia de luz. Esta fascinaci\u00f3n se vio reforzada por sus estudios de matem\u00e1ticas, geolog\u00eda, astronom\u00eda y psicolog\u00eda de la percepci\u00f3n. La luz, tanto natural como artificial, y el espacio son los modos de expresi\u00f3n de James Turrell.  <\/p>\n","protected":false},"author":4,"featured_media":2860,"comment_status":"closed","ping_status":"closed","sticky":false,"template":"","format":"standard","meta":{"footnotes":""},"categories":[30],"tags":[],"class_list":["post-2866","post","type-post","status-publish","format-standard","has-post-thumbnail","hentry","category-en-el-mundo"],"_links":{"self":[{"href":"https:\/\/monumental-valois.com\/es\/wp-json\/wp\/v2\/posts\/2866","targetHints":{"allow":["GET"]}}],"collection":[{"href":"https:\/\/monumental-valois.com\/es\/wp-json\/wp\/v2\/posts"}],"about":[{"href":"https:\/\/monumental-valois.com\/es\/wp-json\/wp\/v2\/types\/post"}],"author":[{"embeddable":true,"href":"https:\/\/monumental-valois.com\/es\/wp-json\/wp\/v2\/users\/4"}],"replies":[{"embeddable":true,"href":"https:\/\/monumental-valois.com\/es\/wp-json\/wp\/v2\/comments?post=2866"}],"version-history":[{"count":1,"href":"https:\/\/monumental-valois.com\/es\/wp-json\/wp\/v2\/posts\/2866\/revisions"}],"predecessor-version":[{"id":2868,"href":"https:\/\/monumental-valois.com\/es\/wp-json\/wp\/v2\/posts\/2866\/revisions\/2868"}],"wp:featuredmedia":[{"embeddable":true,"href":"https:\/\/monumental-valois.com\/es\/wp-json\/wp\/v2\/media\/2860"}],"wp:attachment":[{"href":"https:\/\/monumental-valois.com\/es\/wp-json\/wp\/v2\/media?parent=2866"}],"wp:term":[{"taxonomy":"category","embeddable":true,"href":"https:\/\/monumental-valois.com\/es\/wp-json\/wp\/v2\/categories?post=2866"},{"taxonomy":"post_tag","embeddable":true,"href":"https:\/\/monumental-valois.com\/es\/wp-json\/wp\/v2\/tags?post=2866"}],"curies":[{"name":"wp","href":"https:\/\/api.w.org\/{rel}","templated":true}]}}