{"id":2989,"date":"2026-04-15T17:12:38","date_gmt":"2026-04-15T15:12:38","guid":{"rendered":"https:\/\/monumental-valois.com\/en-el-mundo\/en-angers-kengo-kuma-disena-el-nuevo-fronton-de-la-catedral\/"},"modified":"2026-04-29T17:25:59","modified_gmt":"2026-04-29T15:25:59","slug":"en-angers-kengo-kuma-disena-el-nuevo-fronton-de-la-catedral","status":"publish","type":"post","link":"https:\/\/monumental-valois.com\/es\/en-francia\/en-angers-kengo-kuma-disena-el-nuevo-fronton-de-la-catedral\/","title":{"rendered":"En Angers, Kengo Kuma dise\u00f1a el nuevo front\u00f3n de la catedral"},"content":{"rendered":"\n<p><\/p>\n\n<p><\/p>\n\n<p class=\"is-style-sur-titre-artiste\"><\/p>\n\n<p><\/p>\n\n<p>Combinar arte contempor\u00e1neo y arquitectura g\u00f3tica fue un concepto que surgi\u00f3 tras el incendio de Notre-Dame de Par\u00eds como parte de su reconstrucci\u00f3n, pero fue r\u00e1pidamente descartado. Pero Kengo Kuma acept\u00f3 el reto en Angers, y el resultado es deslumbrante. <\/p>\n\n<p><\/p>\n\n<h2 class=\"wp-block-heading\">Un concurso de arquitectura para una catedral<\/h2>\n\n<p>La catedral de Saint-Maurice de Angers es un edificio religioso de los siglos <sup>XII<\/sup> y <sup>XIII<\/sup> que ha sufrido varias transformaciones a lo largo del tiempo. En el siglo <sup>XIII<\/sup> exist\u00eda una galer\u00eda, pero fue demolida en 1807. En 2009, durante unas obras de mantenimiento, su portal g\u00f3tico revel\u00f3 una policrom\u00eda que merec\u00eda una protecci\u00f3n especial. La DRAC (Direction R\u00e9gionale des Affaires Culturelles) aprob\u00f3 entonces el principio de una nueva galer\u00eda delante del front\u00f3n, donde se unir\u00edan el patrimonio y el arte contempor\u00e1neo.   <\/p>\n\n<p>Kengo Kuma, arquitecto japon\u00e9s de fama internacional por su trabajo sobre la luz y la ligereza, su uso de materiales naturales, su preocupaci\u00f3n por el medio ambiente y sus \u00abengawas\u00bb, pasillos exteriores japoneses que unen el interior y el exterior, fue seleccionado para este original proyecto. En una tierra donde la piedra toba es la reina, opt\u00f3 por utilizar la sencillez y pureza del hormig\u00f3n para dise\u00f1ar un edificio que cumpliera todos los criterios. <\/p>\n\n<h2 class=\"wp-block-heading\"><strong>Un monumento hist\u00f3rico para el siglo <sup>XXI<\/sup> <\/strong><\/h2>\n\n<p>Adem\u00e1s de las cualidades est\u00e9ticas y equilibradas de la construcci\u00f3n, la luz y la sombra se combinan armoniosamente, ofreciendo diferentes percepciones de la policrom\u00eda, y nuevas formas de convivencia en este tipo de espacios habitualmente conocidos por su silencio.<\/p>\n\n<p>Esta ampliaci\u00f3n contempor\u00e1nea se integra perfectamente en el portal existente, dando la impresi\u00f3n de una arquitectura g\u00f3tica reinventada. Una apuesta audaz que ha merecido la pena. <\/p>\n\n<p><\/p>\n\n<div class=\"wp-block-buttons is-layout-flex wp-block-buttons-is-layout-flex\"><\/div>\n\n<p><\/p>\n\n<p><em>Fotos: Kengo Kuma Associates<\/em><\/p>\n\n<p><\/p>\n\n<figure class=\"wp-block-gallery aligncenter has-nested-images columns-default is-cropped wp-block-gallery-1 is-layout-flex wp-block-gallery-is-layout-flex\"><\/figure>\n\n<p><\/p>\n","protected":false},"excerpt":{"rendered":"<p>Piloto de avi\u00f3n a los 16 a\u00f1os, James Turrell fue encarcelado a los 23, y desde muy joven sinti\u00f3 fascinaci\u00f3n por los efectos de la presencia o ausencia de luz. Esta fascinaci\u00f3n se vio reforzada por sus estudios de matem\u00e1ticas, geolog\u00eda, astronom\u00eda y psicolog\u00eda de la percepci\u00f3n. La luz, tanto natural como artificial, y el espacio son los modos de expresi\u00f3n de James Turrell.  <\/p>\n","protected":false},"author":4,"featured_media":2988,"comment_status":"closed","ping_status":"closed","sticky":false,"template":"","format":"standard","meta":{"footnotes":""},"categories":[40],"tags":[],"class_list":["post-2989","post","type-post","status-publish","format-standard","has-post-thumbnail","hentry","category-en-francia"],"_links":{"self":[{"href":"https:\/\/monumental-valois.com\/es\/wp-json\/wp\/v2\/posts\/2989","targetHints":{"allow":["GET"]}}],"collection":[{"href":"https:\/\/monumental-valois.com\/es\/wp-json\/wp\/v2\/posts"}],"about":[{"href":"https:\/\/monumental-valois.com\/es\/wp-json\/wp\/v2\/types\/post"}],"author":[{"embeddable":true,"href":"https:\/\/monumental-valois.com\/es\/wp-json\/wp\/v2\/users\/4"}],"replies":[{"embeddable":true,"href":"https:\/\/monumental-valois.com\/es\/wp-json\/wp\/v2\/comments?post=2989"}],"version-history":[{"count":1,"href":"https:\/\/monumental-valois.com\/es\/wp-json\/wp\/v2\/posts\/2989\/revisions"}],"predecessor-version":[{"id":2990,"href":"https:\/\/monumental-valois.com\/es\/wp-json\/wp\/v2\/posts\/2989\/revisions\/2990"}],"wp:featuredmedia":[{"embeddable":true,"href":"https:\/\/monumental-valois.com\/es\/wp-json\/wp\/v2\/media\/2988"}],"wp:attachment":[{"href":"https:\/\/monumental-valois.com\/es\/wp-json\/wp\/v2\/media?parent=2989"}],"wp:term":[{"taxonomy":"category","embeddable":true,"href":"https:\/\/monumental-valois.com\/es\/wp-json\/wp\/v2\/categories?post=2989"},{"taxonomy":"post_tag","embeddable":true,"href":"https:\/\/monumental-valois.com\/es\/wp-json\/wp\/v2\/tags?post=2989"}],"curies":[{"name":"wp","href":"https:\/\/api.w.org\/{rel}","templated":true}]}}