{"id":2870,"date":"2026-03-27T11:32:46","date_gmt":"2026-03-27T10:32:46","guid":{"rendered":"https:\/\/monumental-valois.com\/no-mundo\/uma-preciosa-corrente-de-isoladores-eletricos-de-stephane-thidet-se-desenrola-nos-ceus-de-vitry-sur-seine\/"},"modified":"2026-04-13T10:33:27","modified_gmt":"2026-04-13T08:33:27","slug":"uma-preciosa-corrente-de-isoladores-eletricos-de-stephane-thidet-se-desenrola-nos-ceus-de-vitry-sur-seine","status":"publish","type":"post","link":"https:\/\/monumental-valois.com\/pt-br\/na-franca\/uma-preciosa-corrente-de-isoladores-eletricos-de-stephane-thidet-se-desenrola-nos-ceus-de-vitry-sur-seine\/","title":{"rendered":"Uma preciosa corrente de isoladores el\u00e9tricos de St\u00e9phane Thidet se desenrola nos c\u00e9us de Vitry-sur-Seine"},"content":{"rendered":"\n<p><\/p>\n\n<h2 class=\"wp-block-heading\"><\/h2>\n\n<p><\/p>\n\n<h2 class=\"wp-block-heading\"><\/h2>\n\n<p class=\"is-style-sur-titre-artiste\"><\/p>\n\n<p>Recentemente, o &#8220;Le bout du bout&#8221; (&#8220;O fim do fim&#8221;) de St\u00e9phane Thidet, no extremo sul do centro de opera\u00e7\u00f5es da linha 15 em Vitry-sur-Seine, apareceu nos c\u00e9us de Vitry-sur-Seine.  <\/p>\n\n<p>O Grand Paris Express \u00e9 o maior projeto de constru\u00e7\u00e3o do s\u00e9culo <sup>XXI<\/sup>, atualmente sendo realizado pela Soci\u00e9t\u00e9 des Grands Projets. Dentro da Soci\u00e9t\u00e9 des Grands Projets, uma equipe \u00e9 respons\u00e1vel pelo programa art\u00edstico. Arquitetos e artistas de renome internacional est\u00e3o trabalhando em conjunto para transformar as esta\u00e7\u00f5es de metr\u00f4 em locais de arte monumental.  <\/p>\n\n<p>No entanto, a Soci\u00e9t\u00e9 des Grands Projets n\u00e3o est\u00e1 preocupada apenas em transformar o interior das esta\u00e7\u00f5es. Ela acredita que o ambiente tamb\u00e9m merece seu pr\u00f3prio aprimoramento. <\/p>\n\n<h2 class=\"wp-block-heading\">O trabalho de St\u00e9phane Thidet<\/h2>\n\n<p>\u00c1gua, terra, gelo e luz s\u00e3o os materiais favoritos de St\u00e9phane Thidet. Nesse caso, s\u00e3o os isoladores el\u00e9tricos, pe\u00e7as puramente industriais, que ele transformou em uma preciosa obra de arte. <\/p>\n\n<p>&#8220;Le bout du bout&#8221; consiste em dois mastros, com 29 e 39 metros de altura, que sustentam uma imensa cadeia de 1.500 isoladores el\u00e9tricos de vidro. Esses isoladores, amarrados em cabos como se fossem um colar, formam uma obra de infinita delicadeza. <\/p>\n\n<p>Em um ambiente totalmente urbano, essa joia de vidro brilha \u00e0 luz do dia e resplandece \u00e0 noite. A obra \u00e9 vis\u00edvel das principais ruas e das janelas do RER. Em Vitry sur Seine, o setor industrial e a arte contempor\u00e2nea se combinam com not\u00e1vel eleg\u00e2ncia.  <\/p>\n\n<p><em>Cr\u00e9ditos da foto: St\u00e9phane Thidet \/ Soci\u00e9t\u00e9 des Grands Projets<\/em><\/p>\n\n<p><\/p>\n\n<figure class=\"wp-block-gallery aligncenter has-nested-images columns-default is-cropped wp-block-gallery-1 is-layout-flex wp-block-gallery-is-layout-flex\">\n<figure class=\"wp-block-image size-full\"><img loading=\"lazy\" decoding=\"async\" width=\"796\" height=\"531\" data-id=\"2729\" src=\"https:\/\/monumental-valois.com\/wp-content\/uploads\/2026\/03\/le-bout-du-bout-1.webp\" alt=\"\" class=\"wp-image-2729\" srcset=\"https:\/\/monumental-valois.com\/wp-content\/uploads\/2026\/03\/le-bout-du-bout-1.webp 796w, https:\/\/monumental-valois.com\/wp-content\/uploads\/2026\/03\/le-bout-du-bout-1-600x400.webp 600w, https:\/\/monumental-valois.com\/wp-content\/uploads\/2026\/03\/le-bout-du-bout-1-768x512.webp 768w, https:\/\/monumental-valois.com\/wp-content\/uploads\/2026\/03\/le-bout-du-bout-1-450x300.webp 450w\" sizes=\"auto, (max-width: 796px) 100vw, 796px\" \/><\/figure>\n<\/figure>\n\n<p><\/p>\n","protected":false},"excerpt":{"rendered":"<p>Recentemente, o &#8220;Le bout du bout&#8221; (&#8220;O fim do fim&#8221;) de St\u00e9phane Thidet, no extremo sul do centro de opera\u00e7\u00f5es da linha 15 em Vitry-sur-Seine, apareceu nos c\u00e9us de Vitry-sur-Seine.  <\/p>\n","protected":false},"author":4,"featured_media":2859,"comment_status":"closed","ping_status":"closed","sticky":false,"template":"","format":"standard","meta":{"footnotes":""},"categories":[65],"tags":[],"class_list":["post-2870","post","type-post","status-publish","format-standard","has-post-thumbnail","hentry","category-na-franca"],"_links":{"self":[{"href":"https:\/\/monumental-valois.com\/pt-br\/wp-json\/wp\/v2\/posts\/2870","targetHints":{"allow":["GET"]}}],"collection":[{"href":"https:\/\/monumental-valois.com\/pt-br\/wp-json\/wp\/v2\/posts"}],"about":[{"href":"https:\/\/monumental-valois.com\/pt-br\/wp-json\/wp\/v2\/types\/post"}],"author":[{"embeddable":true,"href":"https:\/\/monumental-valois.com\/pt-br\/wp-json\/wp\/v2\/users\/4"}],"replies":[{"embeddable":true,"href":"https:\/\/monumental-valois.com\/pt-br\/wp-json\/wp\/v2\/comments?post=2870"}],"version-history":[{"count":1,"href":"https:\/\/monumental-valois.com\/pt-br\/wp-json\/wp\/v2\/posts\/2870\/revisions"}],"predecessor-version":[{"id":2871,"href":"https:\/\/monumental-valois.com\/pt-br\/wp-json\/wp\/v2\/posts\/2870\/revisions\/2871"}],"wp:featuredmedia":[{"embeddable":true,"href":"https:\/\/monumental-valois.com\/pt-br\/wp-json\/wp\/v2\/media\/2859"}],"wp:attachment":[{"href":"https:\/\/monumental-valois.com\/pt-br\/wp-json\/wp\/v2\/media?parent=2870"}],"wp:term":[{"taxonomy":"category","embeddable":true,"href":"https:\/\/monumental-valois.com\/pt-br\/wp-json\/wp\/v2\/categories?post=2870"},{"taxonomy":"post_tag","embeddable":true,"href":"https:\/\/monumental-valois.com\/pt-br\/wp-json\/wp\/v2\/tags?post=2870"}],"curies":[{"name":"wp","href":"https:\/\/api.w.org\/{rel}","templated":true}]}}