{"id":2872,"date":"2026-04-01T17:24:49","date_gmt":"2026-04-01T15:24:49","guid":{"rendered":"https:\/\/monumental-valois.com\/no-mundo\/james-turrell-a-roden-crater-land-art-no-seu-melhor\/"},"modified":"2026-04-13T10:33:46","modified_gmt":"2026-04-13T08:33:46","slug":"james-turrell-a-roden-crater-land-art-no-seu-melhor","status":"publish","type":"post","link":"https:\/\/monumental-valois.com\/pt-br\/no-mundo\/james-turrell-a-roden-crater-land-art-no-seu-melhor\/","title":{"rendered":"James Turrell &#8211; A Roden Crater, land art no seu melhor"},"content":{"rendered":"\n<p><\/p>\n\n<h2 class=\"wp-block-heading\"><\/h2>\n\n<p><\/p>\n\n<h2 class=\"wp-block-heading\"><\/h2>\n\n<p class=\"is-style-sur-titre-artiste\"><\/p>\n\n<p><\/p>\n\n<blockquote class=\"wp-block-quote is-layout-flow wp-block-quote-is-layout-flow\">\n<p>&#8220;O que me interessa \u00e9 relacionar as coisas que vemos com as coisas que vemos com os olhos fechados.<\/p>\n<\/blockquote>\n\n<p>Piloto de avi\u00e3o aos 16 anos, James Turrell foi preso aos 23 anos e, desde cedo, ficou fascinado pelos efeitos da presen\u00e7a ou aus\u00eancia de luz. Esse fasc\u00ednio foi refor\u00e7ado por seus estudos em matem\u00e1tica, geologia, astronomia e psicologia da percep\u00e7\u00e3o. A luz, tanto natural quanto artificial, e o espa\u00e7o s\u00e3o os modos de express\u00e3o de James Turrell.  <\/p>\n\n<p>Na d\u00e9cada de 1970, ele criou 80 skypaces, salas aerodin\u00e2micas em uma \u00fanica cor com uma abertura no teto. Sentados ou deitados, os espectadores podem observar o c\u00e9u como se fosse uma pintura, mudando com o dia e a noite. A orienta\u00e7\u00e3o do espectador \u00e9 abalada e ele desfruta de uma experi\u00eancia \u00edntima e meditativa.  <\/p>\n\n<h2 class=\"wp-block-heading\">Cratera Roden, o trabalho de uma vida<\/h2>\n\n<p>Em 1977, com a ajuda da DIA Art Foundation, ele adquiriu a Roden Crater, uma cratera vulc\u00e2nica no norte do Arizona que havia sido extinta h\u00e1 400.000 anos. Inspirado pela ci\u00eancia que remonta ao in\u00edcio dos tempos, em particular o templo alinhado ao sol em Abu Simbel e o Jantar Mantar em Jaipur, ele a modificou e a transformou em um observat\u00f3rio astron\u00f4mico gigante. A cratera foi transformada gra\u00e7as a grandes obras de terraplenagem destinadas a obter um perfil topogr\u00e1fico preciso. O horizonte, artificialmente elevado, foi organizado para que a experi\u00eancia sensorial da ab\u00f3bada celeste pudesse ser totalmente apreciada.   <\/p>\n\n<p>Composto por 24 c\u00e1psulas e 6 t\u00faneis projetados para oferecer uma experi\u00eancia espec\u00edfica de imers\u00e3o visual ou sensorial, o trabalho final dever\u00e1 ser revelado muito em breve. As especificidades da luz, os fen\u00f4menos celestes e temporais, o solst\u00edcio de inverno e o solst\u00edcio de ver\u00e3o ser\u00e3o sentidos a olho nu. <\/p>\n\n<h2 class=\"wp-block-heading\"><strong>Olho da cratera<\/strong><\/h2>\n\n<p>Quatro grandes plintos retangulares foram constru\u00eddos no olho da cratera. Aqui voc\u00ea pode se deitar e contemplar o c\u00e9u. Quando a noite cai, uma luz artificial \u00e9 difundida, proporcionando um contraste absoluto com a escurid\u00e3o ao redor. Esse jogo de luz transforma a percep\u00e7\u00e3o de cores e dimens\u00f5es, acrescentando uma profundidade \u00fanica \u00e0 experi\u00eancia.   <\/p>\n\n<p>James Turrell explica:  <\/p>\n\n<blockquote class=\"wp-block-quote is-layout-flow wp-block-quote-is-layout-flow\">\n<p>&#8221;  <em>Meu trabalho n\u00e3o tem objeto, nem imagem, nem foco, ent\u00e3o o que estamos vendo? N\u00f3s nos vemos observando. O que \u00e9 importante para mim \u00e9 criar uma experi\u00eancia de pensamento sem palavras.&#8221;  <\/em><\/p>\n<\/blockquote>\n\n<div class=\"wp-block-buttons is-layout-flex wp-block-buttons-is-layout-flex\">\n<div class=\"wp-block-button\"><a class=\"wp-block-button__link wp-element-button\" href=\"https:\/\/rodencrater.com\/about\/\" target=\"_blank\" rel=\"noopener\">Saiba mais sobre o LE RODEN CRATER<\/a><\/div>\n<\/div>\n\n<p><\/p>\n\n<p><em>Cr\u00e9ditos da foto: Florian Holzherr<\/em><\/p>\n\n<p><\/p>\n\n<figure class=\"wp-block-gallery aligncenter has-nested-images columns-default is-cropped wp-block-gallery-1 is-layout-flex wp-block-gallery-is-layout-flex\"><\/figure>\n\n<p><\/p>\n","protected":false},"excerpt":{"rendered":"<p>Piloto de avi\u00e3o aos 16 anos, James Turrell foi preso aos 23 anos e, desde cedo, ficou fascinado pelos efeitos da presen\u00e7a ou aus\u00eancia de luz. Esse fasc\u00ednio foi refor\u00e7ado por seus estudos em matem\u00e1tica, geologia, astronomia e psicologia da percep\u00e7\u00e3o. A luz, tanto natural quanto artificial, e o espa\u00e7o s\u00e3o os modos de express\u00e3o de James Turrell.  <\/p>\n","protected":false},"author":4,"featured_media":2869,"comment_status":"closed","ping_status":"closed","sticky":false,"template":"","format":"standard","meta":{"footnotes":""},"categories":[62],"tags":[],"class_list":["post-2872","post","type-post","status-publish","format-standard","has-post-thumbnail","hentry","category-no-mundo"],"_links":{"self":[{"href":"https:\/\/monumental-valois.com\/pt-br\/wp-json\/wp\/v2\/posts\/2872","targetHints":{"allow":["GET"]}}],"collection":[{"href":"https:\/\/monumental-valois.com\/pt-br\/wp-json\/wp\/v2\/posts"}],"about":[{"href":"https:\/\/monumental-valois.com\/pt-br\/wp-json\/wp\/v2\/types\/post"}],"author":[{"embeddable":true,"href":"https:\/\/monumental-valois.com\/pt-br\/wp-json\/wp\/v2\/users\/4"}],"replies":[{"embeddable":true,"href":"https:\/\/monumental-valois.com\/pt-br\/wp-json\/wp\/v2\/comments?post=2872"}],"version-history":[{"count":1,"href":"https:\/\/monumental-valois.com\/pt-br\/wp-json\/wp\/v2\/posts\/2872\/revisions"}],"predecessor-version":[{"id":2874,"href":"https:\/\/monumental-valois.com\/pt-br\/wp-json\/wp\/v2\/posts\/2872\/revisions\/2874"}],"wp:featuredmedia":[{"embeddable":true,"href":"https:\/\/monumental-valois.com\/pt-br\/wp-json\/wp\/v2\/media\/2869"}],"wp:attachment":[{"href":"https:\/\/monumental-valois.com\/pt-br\/wp-json\/wp\/v2\/media?parent=2872"}],"wp:term":[{"taxonomy":"category","embeddable":true,"href":"https:\/\/monumental-valois.com\/pt-br\/wp-json\/wp\/v2\/categories?post=2872"},{"taxonomy":"post_tag","embeddable":true,"href":"https:\/\/monumental-valois.com\/pt-br\/wp-json\/wp\/v2\/tags?post=2872"}],"curies":[{"name":"wp","href":"https:\/\/api.w.org\/{rel}","templated":true}]}}