{"id":2986,"date":"2026-04-15T17:12:38","date_gmt":"2026-04-15T15:12:38","guid":{"rendered":"https:\/\/monumental-valois.com\/no-mundo\/em-angers-kengo-kuma-projeta-o-novo-frontao-da-catedral\/"},"modified":"2026-04-29T17:25:40","modified_gmt":"2026-04-29T15:25:40","slug":"em-angers-kengo-kuma-projeta-o-novo-frontao-da-catedral","status":"publish","type":"post","link":"https:\/\/monumental-valois.com\/pt-br\/na-franca\/em-angers-kengo-kuma-projeta-o-novo-frontao-da-catedral\/","title":{"rendered":"Em Angers, Kengo Kuma projeta o novo front\u00e3o da catedral"},"content":{"rendered":"\n<p><\/p>\n\n<p><\/p>\n\n<p class=\"is-style-sur-titre-artiste\"><\/p>\n\n<p><\/p>\n\n<p>Combinar arte contempor\u00e2nea e arquitetura g\u00f3tica foi um conceito que surgiu depois que a Notre-Dame de Paris foi incendiada como parte de sua reconstru\u00e7\u00e3o, mas foi rapidamente descartado. Mas Kengo Kuma aceitou o desafio em Angers, e o resultado \u00e9 deslumbrante. <\/p>\n\n<p><\/p>\n\n<h2 class=\"wp-block-heading\">Um concurso de arquitetura para uma catedral<\/h2>\n\n<p>A Catedral de Saint-Maurice, em Angers, \u00e9 um edif\u00edcio religioso que data dos s\u00e9culos <sup>XII<\/sup> e <sup>XIII<\/sup> e passou por v\u00e1rias mudan\u00e7as ao longo do tempo. Uma galeria existia no s\u00e9culo <sup>XIII<\/sup>, mas foi demolida em 1807. Em 2009, durante os trabalhos de manuten\u00e7\u00e3o, seu portal g\u00f3tico revelou uma policromia que merecia prote\u00e7\u00e3o especial. A DRAC (Direction R\u00e9gionale des Affaires Culturelles) aprovou ent\u00e3o o princ\u00edpio de uma nova galeria em frente ao front\u00e3o, onde o patrim\u00f4nio e a arte contempor\u00e2nea se uniriam.   <\/p>\n\n<p>Kengo Kuma, um arquiteto japon\u00eas aclamado internacionalmente e conhecido por seu trabalho sobre luz e leveza, seu uso de materiais naturais, sua preocupa\u00e7\u00e3o com o meio ambiente e suas &#8220;engawas&#8221;, passagens externas japonesas que ligam o interior ao exterior, foi selecionado para esse projeto original. Em uma terra onde a pedra tufa \u00e9 rei, ele optou por usar a simplicidade e a pureza do concreto para projetar um edif\u00edcio que atendesse a todos os crit\u00e9rios. <\/p>\n\n<h2 class=\"wp-block-heading\"><strong>Um monumento hist\u00f3rico para o s\u00e9culo <sup>XXI<\/sup> <\/strong><\/h2>\n\n<p>Al\u00e9m das qualidades est\u00e9ticas e equilibradas da constru\u00e7\u00e3o, a luz e a sombra s\u00e3o harmoniosamente combinadas, oferecendo diferentes percep\u00e7\u00f5es de policromia e novas formas de conv\u00edvio nesse tipo de espa\u00e7o geralmente conhecido por seu sil\u00eancio.<\/p>\n\n<p>Essa extens\u00e3o contempor\u00e2nea combina perfeitamente com o portal existente, dando a impress\u00e3o de uma arquitetura g\u00f3tica reinventada. Uma aposta ousada que valeu a pena. <\/p>\n\n<p><\/p>\n\n<div class=\"wp-block-buttons is-layout-flex wp-block-buttons-is-layout-flex\"><\/div>\n\n<p><\/p>\n\n<p><em>Cr\u00e9ditos da foto: Kengo Kuma Associates<\/em><\/p>\n\n<p><\/p>\n\n<figure class=\"wp-block-gallery aligncenter has-nested-images columns-default is-cropped wp-block-gallery-1 is-layout-flex wp-block-gallery-is-layout-flex\"><\/figure>\n\n<p><\/p>\n","protected":false},"excerpt":{"rendered":"<p>Piloto de avi\u00e3o aos 16 anos, James Turrell foi preso aos 23 anos e, desde cedo, ficou fascinado pelos efeitos da presen\u00e7a ou aus\u00eancia de luz. Esse fasc\u00ednio foi refor\u00e7ado por seus estudos em matem\u00e1tica, geologia, astronomia e psicologia da percep\u00e7\u00e3o. A luz, tanto natural quanto artificial, e o espa\u00e7o s\u00e3o os modos de express\u00e3o de James Turrell.  <\/p>\n","protected":false},"author":4,"featured_media":2985,"comment_status":"closed","ping_status":"closed","sticky":false,"template":"","format":"standard","meta":{"footnotes":""},"categories":[65],"tags":[],"class_list":["post-2986","post","type-post","status-publish","format-standard","has-post-thumbnail","hentry","category-na-franca"],"_links":{"self":[{"href":"https:\/\/monumental-valois.com\/pt-br\/wp-json\/wp\/v2\/posts\/2986","targetHints":{"allow":["GET"]}}],"collection":[{"href":"https:\/\/monumental-valois.com\/pt-br\/wp-json\/wp\/v2\/posts"}],"about":[{"href":"https:\/\/monumental-valois.com\/pt-br\/wp-json\/wp\/v2\/types\/post"}],"author":[{"embeddable":true,"href":"https:\/\/monumental-valois.com\/pt-br\/wp-json\/wp\/v2\/users\/4"}],"replies":[{"embeddable":true,"href":"https:\/\/monumental-valois.com\/pt-br\/wp-json\/wp\/v2\/comments?post=2986"}],"version-history":[{"count":1,"href":"https:\/\/monumental-valois.com\/pt-br\/wp-json\/wp\/v2\/posts\/2986\/revisions"}],"predecessor-version":[{"id":2987,"href":"https:\/\/monumental-valois.com\/pt-br\/wp-json\/wp\/v2\/posts\/2986\/revisions\/2987"}],"wp:featuredmedia":[{"embeddable":true,"href":"https:\/\/monumental-valois.com\/pt-br\/wp-json\/wp\/v2\/media\/2985"}],"wp:attachment":[{"href":"https:\/\/monumental-valois.com\/pt-br\/wp-json\/wp\/v2\/media?parent=2986"}],"wp:term":[{"taxonomy":"category","embeddable":true,"href":"https:\/\/monumental-valois.com\/pt-br\/wp-json\/wp\/v2\/categories?post=2986"},{"taxonomy":"post_tag","embeddable":true,"href":"https:\/\/monumental-valois.com\/pt-br\/wp-json\/wp\/v2\/tags?post=2986"}],"curies":[{"name":"wp","href":"https:\/\/api.w.org\/{rel}","templated":true}]}}